{"id":4100,"date":"2024-03-02T19:01:56","date_gmt":"2024-03-02T19:01:56","guid":{"rendered":"https:\/\/medicallhome.mx\/blog\/?p=4100"},"modified":"2024-03-02T19:01:56","modified_gmt":"2024-03-02T19:01:56","slug":"equidad-de-genero-un-mundo-una-voz","status":"publish","type":"post","link":"https:\/\/medicallhome.mx\/blog\/equidad-de-genero-un-mundo-una-voz\/","title":{"rendered":"Equidad de g\u00e9nero: Un Mundo, una Voz"},"content":{"rendered":"<p><span data-contrast=\"none\">La equidad de g\u00e9nero es un principio fundamental que busca garantizar que todas las personas, independientemente de su g\u00e9nero, tengan las mismas oportunidades, derechos y responsabilidades en todos los aspectos de la vida. Este concepto no s\u00f3lo es un objetivo \u00e9tico y moral, sino tambi\u00e9n un imperativo para el desarrollo sostenible y la construcci\u00f3n de sociedades justas.\u00a0<\/span><span data-ccp-props=\"{&quot;134233117&quot;:false,&quot;134233118&quot;:false,&quot;335559738&quot;:300,&quot;335559739&quot;:300}\">\u00a0<\/span><\/p>\n<p><b><span data-contrast=\"none\">Avances de la equidad de g\u00e9nero: Un vistazo optimista<\/span><\/b><span data-ccp-props=\"{&quot;134233117&quot;:false,&quot;134233118&quot;:false,&quot;335559738&quot;:300,&quot;335559739&quot;:300}\">\u00a0<\/span><\/p>\n<p><span data-contrast=\"none\">En las \u00faltimas d\u00e9cadas, se han logrado avances significativos en la promoci\u00f3n de la equidad de g\u00e9nero en todo el mundo. Las mujeres han ganado terreno en la participaci\u00f3n pol\u00edtica, la educaci\u00f3n y el empleo. Se ha producido un cambio cultural que desaf\u00eda los estereotipos de g\u00e9nero y promueve la idea de que todos, independientemente de su identidad de g\u00e9nero, deben tener las mismas oportunidades.<\/span><span data-ccp-props=\"{&quot;134233117&quot;:false,&quot;134233118&quot;:false,&quot;335559738&quot;:300,&quot;335559739&quot;:300}\">\u00a0<\/span><\/p>\n<p><span data-contrast=\"none\">En el \u00e1mbito educativo, la brecha de g\u00e9nero se ha reducido. Cada vez m\u00e1s mujeres acceden a la educaci\u00f3n superior y participan activamente en campos que antes eran dominados por hombres. Esta transformaci\u00f3n no s\u00f3lo empodera a las mujeres, sino que tambi\u00e9n enriquece a las sociedades al aprovechar el talento y la creatividad de todos sus miembros.<\/span><span data-ccp-props=\"{&quot;134233117&quot;:false,&quot;134233118&quot;:false,&quot;335559738&quot;:300,&quot;335559739&quot;:300}\">\u00a0<\/span><\/p>\n<p><span data-contrast=\"none\">En el \u00e1mbito laboral, aunque persisten desigualdades salariales y barreras de ascenso para las mujeres, se han implementado pol\u00edticas y programas para abordar estos problemas. La presencia de mujeres en puestos de liderazgo est\u00e1 en aumento, aunque queda un camino por recorrer para lograr una representaci\u00f3n equitativa en todas las industrias.<\/span><span data-ccp-props=\"{&quot;134233117&quot;:false,&quot;134233118&quot;:false,&quot;335559738&quot;:300,&quot;335559739&quot;:300}\">\u00a0<\/span><\/p>\n<p><span data-ccp-props=\"{&quot;134233117&quot;:false,&quot;134233118&quot;:false,&quot;335559738&quot;:300,&quot;335559739&quot;:300}\"><img loading=\"lazy\" decoding=\"async\" class=\"size-medium wp-image-4102 aligncenter\" src=\"https:\/\/medicallhome.mx\/blog\/wp-content\/uploads\/2024\/03\/Captura-de-pantalla-2024-03-02-a-las-13.52.43-300x270.png\" alt=\"\" width=\"300\" height=\"270\" srcset=\"https:\/\/medicallhome.mx\/blog\/wp-content\/uploads\/2024\/03\/Captura-de-pantalla-2024-03-02-a-las-13.52.43-300x270.png 300w, https:\/\/medicallhome.mx\/blog\/wp-content\/uploads\/2024\/03\/Captura-de-pantalla-2024-03-02-a-las-13.52.43.png 700w, https:\/\/medicallhome.mx\/blog\/wp-content\/uploads\/2024\/03\/Captura-de-pantalla-2024-03-02-a-las-13.52.43-300x270@2x.png 600w\" sizes=\"(max-width: 300px) 100vw, 300px\" \/>\u00a0<\/span><\/p>\n<p><b><span data-contrast=\"none\">Desaf\u00edos pendientes: Hacia una equidad real<\/span><\/b><span data-ccp-props=\"{&quot;134233117&quot;:false,&quot;134233118&quot;:false,&quot;335559738&quot;:300,&quot;335559739&quot;:300}\">\u00a0<\/span><\/p>\n<p><span data-contrast=\"none\">A pesar de los avances, la equidad de g\u00e9nero sigue siendo un desaf\u00edo global. La violencia de g\u00e9nero es una realidad en muchas partes del mundo, afectando a mujeres de todas las edades, razas y clases sociales. Combatir este problema requiere un esfuerzo conjunto de la sociedad, los gobiernos y las instituciones para cambiar actitudes y establecer mecanismos efectivos de prevenci\u00f3n y protecci\u00f3n.<\/span><span data-ccp-props=\"{&quot;134233117&quot;:false,&quot;134233118&quot;:false,&quot;335559738&quot;:300,&quot;335559739&quot;:300}\">\u00a0<\/span><\/p>\n<p><span data-contrast=\"none\">En el \u00e1mbito laboral, la segregaci\u00f3n ocupacional persiste, con mujeres concentradas en sectores mal remunerados y con menor visibilidad. Las barreras para el avance profesional y la discriminaci\u00f3n de g\u00e9nero deben abordarse con pol\u00edticas que promuevan la igualdad salarial y oportunidades de liderazgo para todas las personas, independientemente de su g\u00e9nero.<\/span><span data-ccp-props=\"{&quot;134233117&quot;:false,&quot;134233118&quot;:false,&quot;335559738&quot;:300,&quot;335559739&quot;:300}\">\u00a0<\/span><\/p>\n<p><span data-contrast=\"none\">La conciliaci\u00f3n entre la vida laboral y personal sigue siendo un desaf\u00edo significativo para muchas mujeres. La falta de pol\u00edticas de licencia parental adecuadas y de servicios de cuidado infantil accesibles afecta la participaci\u00f3n plena de las mujeres en el \u00e1mbito laboral y limita su capacidad para perseguir oportunidades profesionales.<\/span><span data-ccp-props=\"{&quot;134233117&quot;:false,&quot;134233118&quot;:false,&quot;335559738&quot;:300,&quot;335559739&quot;:300}\">\u00a0<\/span><\/p>\n<p><img loading=\"lazy\" decoding=\"async\" class=\"size-medium wp-image-4103 aligncenter\" src=\"https:\/\/medicallhome.mx\/blog\/wp-content\/uploads\/2024\/03\/Captura-de-pantalla-2024-03-02-a-las-13.51.41-300x197.png\" alt=\"\" width=\"300\" height=\"197\" srcset=\"https:\/\/medicallhome.mx\/blog\/wp-content\/uploads\/2024\/03\/Captura-de-pantalla-2024-03-02-a-las-13.51.41-300x197.png 300w, https:\/\/medicallhome.mx\/blog\/wp-content\/uploads\/2024\/03\/Captura-de-pantalla-2024-03-02-a-las-13.51.41.png 882w, https:\/\/medicallhome.mx\/blog\/wp-content\/uploads\/2024\/03\/Captura-de-pantalla-2024-03-02-a-las-13.51.41-300x197@2x.png 600w\" sizes=\"(max-width: 300px) 100vw, 300px\" \/><\/p>\n<p><span data-ccp-props=\"{&quot;134233117&quot;:false,&quot;134233118&quot;:false,&quot;335559738&quot;:300,&quot;335559739&quot;:300}\">\u00a0<\/span><\/p>\n<p><b><span data-contrast=\"none\">Un mundo, una voz<\/span><\/b><span data-ccp-props=\"{&quot;134233117&quot;:false,&quot;134233118&quot;:false,&quot;335559738&quot;:300,&quot;335559739&quot;:300}\">\u00a0<\/span><\/p>\n<p><span data-contrast=\"none\">La equidad de g\u00e9nero no es s\u00f3lo un tema de justicia social, sino tambi\u00e9n una piedra angular para construir sociedades m\u00e1s pr\u00f3speras y sostenibles. La diversidad de perspectivas, experiencias y habilidades que aportan mujeres y hombres en igualdad de condiciones impulsa la innovaci\u00f3n y el progreso.<\/span><span data-ccp-props=\"{&quot;134233117&quot;:false,&quot;134233118&quot;:false,&quot;335559738&quot;:300,&quot;335559739&quot;:300}\">\u00a0<\/span><\/p>\n<p><span data-contrast=\"none\">Promoverla es un catalizador para alcanzar los objetivos de desarrollo sostenible de la Organizaci\u00f3n de las Naciones Unidas. La equidad de g\u00e9nero est\u00e1 intr\u00ednsecamente vinculada a la erradicaci\u00f3n de la pobreza, la mejora de la salud y la educaci\u00f3n, y el fortalecimiento de comunidades y naciones enteras.<\/span><span data-ccp-props=\"{&quot;134233117&quot;:false,&quot;134233118&quot;:false,&quot;335559738&quot;:300,&quot;335559739&quot;:300}\">\u00a0<\/span><\/p>\n<p><span data-contrast=\"none\">Adem\u00e1s, la igualdad de g\u00e9nero es esencial para construir un mundo m\u00e1s pac\u00edfico. La evidencia muestra que las sociedades donde se respetan los derechos de las mujeres tienden a ser m\u00e1s estables y menos propensas a la violencia y los conflictos.<\/span><span data-ccp-props=\"{&quot;134233117&quot;:false,&quot;134233118&quot;:false,&quot;335559738&quot;:300,&quot;335559739&quot;:300}\">\u00a0<\/span><\/p>\n<p><img loading=\"lazy\" decoding=\"async\" class=\"size-medium wp-image-4104 aligncenter\" src=\"https:\/\/medicallhome.mx\/blog\/wp-content\/uploads\/2024\/03\/Captura-de-pantalla-2024-03-02-a-las-13.51.15-300x196.png\" alt=\"\" width=\"300\" height=\"196\" srcset=\"https:\/\/medicallhome.mx\/blog\/wp-content\/uploads\/2024\/03\/Captura-de-pantalla-2024-03-02-a-las-13.51.15-300x196.png 300w, https:\/\/medicallhome.mx\/blog\/wp-content\/uploads\/2024\/03\/Captura-de-pantalla-2024-03-02-a-las-13.51.15.png 848w, https:\/\/medicallhome.mx\/blog\/wp-content\/uploads\/2024\/03\/Captura-de-pantalla-2024-03-02-a-las-13.51.15-300x196@2x.png 600w\" sizes=\"(max-width: 300px) 100vw, 300px\" \/><\/p>\n<p><b><span data-contrast=\"none\">Un compromiso global por la igualdad<\/span><\/b><span data-ccp-props=\"{&quot;134233117&quot;:false,&quot;134233118&quot;:false,&quot;335559738&quot;:300,&quot;335559739&quot;:300}\">\u00a0<\/span><\/p>\n<p><span data-contrast=\"none\">La igualdad de g\u00e9nero no es s\u00f3lo una causa de mujeres, es una causa de toda la humanidad. Para lograr un mundo donde todas las voces se escuchen por igual, debemos comprometernos activamente en la promoci\u00f3n de la igualdad de g\u00e9nero en todos los niveles. Esto implica cambiar actitudes arraigadas, promulgar pol\u00edticas inclusivas y fomentar una cultura que celebre la diversidad.<\/span><span data-ccp-props=\"{&quot;134233117&quot;:false,&quot;134233118&quot;:false,&quot;335559738&quot;:300,&quot;335559739&quot;:300}\">\u00a0<\/span><\/p>\n<p><span data-contrast=\"none\">Al hacerlo, <\/span><span data-contrast=\"none\">s\u00f3lo<\/span><span data-contrast=\"none\"> creamos un entorno m\u00e1s justo y equitativo para las generaciones presentes y futuras, sino que tambi\u00e9n construimos un mundo m\u00e1s rico y vibrante donde todas las voces se unan en armon\u00eda. La igualdad de g\u00e9nero es el camino hacia un futuro m\u00e1s brillante y m\u00e1s justo para todos.<\/span><span data-ccp-props=\"{&quot;134233117&quot;:false,&quot;134233118&quot;:false,&quot;335559738&quot;:300,&quot;335559739&quot;:300}\">\u00a0<\/span><\/p>\n<p><img loading=\"lazy\" decoding=\"async\" class=\"size-medium wp-image-4105 alignleft\" src=\"https:\/\/medicallhome.mx\/blog\/wp-content\/uploads\/2024\/03\/Captura-de-pantalla-2024-03-02-a-las-14.01.31-300x228.png\" alt=\"\" width=\"300\" height=\"228\" srcset=\"https:\/\/medicallhome.mx\/blog\/wp-content\/uploads\/2024\/03\/Captura-de-pantalla-2024-03-02-a-las-14.01.31-300x228.png 300w, https:\/\/medicallhome.mx\/blog\/wp-content\/uploads\/2024\/03\/Captura-de-pantalla-2024-03-02-a-las-14.01.31-87x67.png 87w, https:\/\/medicallhome.mx\/blog\/wp-content\/uploads\/2024\/03\/Captura-de-pantalla-2024-03-02-a-las-14.01.31.png 690w, https:\/\/medicallhome.mx\/blog\/wp-content\/uploads\/2024\/03\/Captura-de-pantalla-2024-03-02-a-las-14.01.31-300x228@2x.png 600w\" sizes=\"(max-width: 300px) 100vw, 300px\" \/><\/p>\n<p><span data-contrast=\"none\">En MedicallHome, abrazamos esta causa y contribuimos activamente hacia la construcci\u00f3n de un mundo m\u00e1s equitativo al proporcionar servicios de salud de calidad a todas las personas sin importar su g\u00e9nero o alg\u00fan otro aspecto de su identidad \u00a1Te atendemos con respeto y dedicaci\u00f3n!\u00a0<\/span><span data-ccp-props=\"{&quot;134233117&quot;:false,&quot;134233118&quot;:false,&quot;335559738&quot;:300,&quot;335559739&quot;:0}\">\u00a0<\/span><\/p>\n<p><span data-contrast=\"none\">Adquiere tu membres\u00eda familiar aqu\u00ed: <a href=\"http:\/\/www.medicallhome.com.mx\/\">http:\/\/www.medicallhome.com.mx\/<\/a><\/span><span data-ccp-props=\"{&quot;134233117&quot;:false,&quot;134233118&quot;:false,&quot;335559738&quot;:300,&quot;335559739&quot;:0}\">\u00a0<\/span><\/p>\n","protected":false},"excerpt":{"rendered":"<p>La equidad de g\u00e9nero es un principio fundamental que busca garantizar que todas las personas, independientemente de su g\u00e9nero, tengan las mismas oportunidades, derechos y responsabilidades en todos los aspectos de la vida. Este concepto no s\u00f3lo es un objetivo \u00e9tico y moral, sino tambi\u00e9n un imperativo para el desarrollo sostenible y la construcci\u00f3n de<\/p>\n","protected":false},"author":4,"featured_media":4101,"comment_status":"open","ping_status":"open","sticky":false,"template":"","format":"standard","meta":{"footnotes":""},"categories":[64],"tags":[],"class_list":{"0":"post-4100","1":"post","2":"type-post","3":"status-publish","4":"format-standard","5":"has-post-thumbnail","7":"category-informacion"},"_links":{"self":[{"href":"https:\/\/medicallhome.mx\/blog\/wp-json\/wp\/v2\/posts\/4100"}],"collection":[{"href":"https:\/\/medicallhome.mx\/blog\/wp-json\/wp\/v2\/posts"}],"about":[{"href":"https:\/\/medicallhome.mx\/blog\/wp-json\/wp\/v2\/types\/post"}],"author":[{"embeddable":true,"href":"https:\/\/medicallhome.mx\/blog\/wp-json\/wp\/v2\/users\/4"}],"replies":[{"embeddable":true,"href":"https:\/\/medicallhome.mx\/blog\/wp-json\/wp\/v2\/comments?post=4100"}],"version-history":[{"count":1,"href":"https:\/\/medicallhome.mx\/blog\/wp-json\/wp\/v2\/posts\/4100\/revisions"}],"predecessor-version":[{"id":4106,"href":"https:\/\/medicallhome.mx\/blog\/wp-json\/wp\/v2\/posts\/4100\/revisions\/4106"}],"wp:featuredmedia":[{"embeddable":true,"href":"https:\/\/medicallhome.mx\/blog\/wp-json\/wp\/v2\/media\/4101"}],"wp:attachment":[{"href":"https:\/\/medicallhome.mx\/blog\/wp-json\/wp\/v2\/media?parent=4100"}],"wp:term":[{"taxonomy":"category","embeddable":true,"href":"https:\/\/medicallhome.mx\/blog\/wp-json\/wp\/v2\/categories?post=4100"},{"taxonomy":"post_tag","embeddable":true,"href":"https:\/\/medicallhome.mx\/blog\/wp-json\/wp\/v2\/tags?post=4100"}],"curies":[{"name":"wp","href":"https:\/\/api.w.org\/{rel}","templated":true}]}}